{"id":9188,"date":"2017-11-07T12:33:52","date_gmt":"2017-11-07T12:33:52","guid":{"rendered":"http:\/\/municipalidadalhue.cl\/portal\/?p=9188"},"modified":"2017-11-07T12:33:52","modified_gmt":"2017-11-07T12:33:52","slug":"alcalde-roberto-torres-huerta-y-h-concejo-inauguraron-de-manera-oficial-el-baden-alhue","status":"publish","type":"post","link":"https:\/\/municipalidadalhue.cl\/portal\/alcalde-roberto-torres-huerta-y-h-concejo-inauguraron-de-manera-oficial-el-baden-alhue\/","title":{"rendered":"Alcalde Roberto Torres Huerta y H. Concejo inauguraron de manera oficial el Bad\u00e9n Alhu\u00e9"},"content":{"rendered":"<p><strong>Este importante proyecto mejora la conectividad entre las localidades de Ignacio Carrera Pinto y Villa Alhu\u00e9, generando un acceso al casco urbano de nuestra comuna, y adem\u00e1s, beneficia a los vecinos de El Membrillo, Talam\u00ed, El Asiento y Pichi. <\/strong><\/p>\n<p>El pasado viernes se desarroll\u00f3 un esperado momento en nuestra comuna, ya que se inaugur\u00f3 oficialmente el bad\u00e9n que une a la Poblaci\u00f3n Ignacio Carrera Pinto con Villa Alhu\u00e9.<\/p>\n<p>En la ceremonia estuvo presente nuestro Alcalde Roberto Torres Huerta; la Gobernadora de Melipilla, Cristina Soto Messina; el SEREMI de Obras P\u00fablicas, Fernando Soto; el director provincial de Vialidad, Orlando Ugalde; adem\u00e1s de los concejales Nancy Cerda, Hugo Lazo, Roberto Aravena, Leonel Acevedo, Rafael Cerda y Mario Huerta.<\/p>\n<p>El bad\u00e9n que une a la Poblaci\u00f3n Carrera Pinto con Villa Alhu\u00e9 es un proyecto emblem\u00e1tico en la actual administraci\u00f3n municipal, iniciativa que se gest\u00f3 hace cerca de dos a\u00f1os, esto por la necesidad de mejorar la conectividad en los diversos sectores de nuestro territorio, teniendo un costo de $605 millones.<\/p>\n<p>Gracias al apoyo del Ministerio de Obras P\u00fablicas y de la Direcci\u00f3n de Vialidad, esta iniciativa se pudo materializar, beneficiando no s\u00f3lo a los vecinos de Villa Alhu\u00e9 y del sector de Ignacio Carrera Pinto, sino que las comunidades de El Membrillo, Talam\u00ed, El Asiento y Pichi, quienes ya aprovechan este nuevo acceso al casco urbano de nuestra comuna.<\/p>\n<p>\u201cEste es otro sue\u00f1o cumplido para la gente de Alhu\u00e9, en especial para los vecinos de Ignacio Carrera Pinto, El Asiento, Talam\u00ed y Pichi, ya que ahora cuentan con una nueva conexi\u00f3n para poder ingresar a Villa Alhu\u00e9, eso porque hasta antes que estuviera nuestro bad\u00e9n, s\u00f3lo hab\u00eda un camino para ingresar al sector urbano de la comuna\u201d, subray\u00f3 el Alcalde Roberto Torres Huerta.<\/p>\n<p>Asimismo, dijo que \u201ceste proyecto dignifica la vida de nuestros habitantes, porque este acceso no est\u00e1 hecho s\u00f3lo para el tr\u00e1nsito vehicular, sino tambi\u00e9n para que pasen peatones, sobre todo para los vecinos de Ignacio Carrera Pinto, quienes ten\u00edan que cruzar saltando las piedras, estando expuestos a accidentes o a un asalto\u201d.<\/p>\n<p>Nuestro edil se mostr\u00f3 muy agradecido. \u201cS\u00f3lo podemos destacar el apoyo del Ministerio de Obras P\u00fablicas, de la SEREMI de Obras P\u00fablicas, de la Direcci\u00f3n de Vialidad, y de nuestro Concejo Municipal\u201d.<\/p>\n<p>En tanto, la Gobernadora de Melipilla, Cristina Soto Messina, manifest\u00f3 que \u201cyo me siento parte de la familia alhu\u00edna, por lo que hemos estado trabajando en conjunto para seguir avanzando. Este a\u00f1o Alhu\u00e9 se ha vestido de inauguraciones, algo que creo que es justo y necesario, porque tal como dijo nuestra Presidenta, debemos generar obras por las necesidades que tenga la comunidad, no por la cantidad de habitantes que posea un territorio. S\u00f3lo podemos decir que este bad\u00e9n es justicia social para la comuna\u201d.<\/p>\n<p>A su vez, el SEREMI de Obras P\u00fablicas, Fernando Soto, se\u00f1al\u00f3 que \u201ceste proyecto es una infraestructura de calidad mundial, y soluciona un problema concreto que ten\u00edan los habitantes de Alhu\u00e9\u201d.<\/p>\n<p>Por \u00faltimo, la autoridad recalc\u00f3 la importancia de esta iniciativa a nivel nacional. \u201cEstamos en los \u00faltimos meses de nuestro Gobierno, y estamos inaugurando lo que hemos proyectado. Estuvimos en el t\u00fanel Kennedy y en la inauguraci\u00f3n de la L\u00ednea 6 del Metro, pero este bad\u00e9n tienen tanta importancia como esas obras, porque soluciona los problemas de la gente de manera concreta\u201d.<\/p>\n<div class=\"entry-content\">\n<div class=\"entry-content\">\n<div class=\"entry-content\">\n<p>Vea la galer\u00eda de im\u00e1genes en nuestro facebook pichando\u00a0<strong><a href=\"https:\/\/www.facebook.com\/pages\/Ilustre-Municipalidad-de-Alhu%C3%A9\/208816755829101\" target=\"_blank\" rel=\"noopener\">aqu\u00ed<\/a><\/strong>:<\/p>\n<\/div>\n<\/div>\n<\/div>\n","protected":false},"excerpt":{"rendered":"<p>Este importante proyecto mejora la conectividad entre las localidades de Ignacio Carrera Pinto y Villa Alhu\u00e9, generando un acceso al casco urbano de nuestra comuna, y adem\u00e1s, beneficia a los vecinos de El Membrillo, Talam\u00ed, El Asiento y Pichi. El pasado viernes se desarroll\u00f3 un esperado momento en nuestra comuna, ya que se inaugur\u00f3 oficialmente el bad\u00e9n que une a la Poblaci\u00f3n Ignacio Carrera Pinto con Villa Alhu\u00e9. En la ceremonia estuvo presente nuestro Alcalde Roberto Torres Huerta; la Gobernadora de Melipilla, Cristina Soto Messina; el SEREMI de Obras P\u00fablicas,&hellip;<\/p>\n","protected":false},"author":1,"featured_media":9189,"comment_status":"closed","ping_status":"closed","sticky":false,"template":"","format":"standard","meta":{"footnotes":""},"categories":[10,4,5,7,8,9],"tags":[],"class_list":["post-9188","post","type-post","status-publish","format-standard","has-post-thumbnail","hentry","category-alcaldesa","category-comunidad","category-concejo","category-destacada","category-noticia","category-proyectos"],"_links":{"self":[{"href":"https:\/\/municipalidadalhue.cl\/portal\/wp-json\/wp\/v2\/posts\/9188","targetHints":{"allow":["GET"]}}],"collection":[{"href":"https:\/\/municipalidadalhue.cl\/portal\/wp-json\/wp\/v2\/posts"}],"about":[{"href":"https:\/\/municipalidadalhue.cl\/portal\/wp-json\/wp\/v2\/types\/post"}],"author":[{"embeddable":true,"href":"https:\/\/municipalidadalhue.cl\/portal\/wp-json\/wp\/v2\/users\/1"}],"replies":[{"embeddable":true,"href":"https:\/\/municipalidadalhue.cl\/portal\/wp-json\/wp\/v2\/comments?post=9188"}],"version-history":[{"count":0,"href":"https:\/\/municipalidadalhue.cl\/portal\/wp-json\/wp\/v2\/posts\/9188\/revisions"}],"wp:featuredmedia":[{"embeddable":true,"href":"https:\/\/municipalidadalhue.cl\/portal\/wp-json\/wp\/v2\/media\/9189"}],"wp:attachment":[{"href":"https:\/\/municipalidadalhue.cl\/portal\/wp-json\/wp\/v2\/media?parent=9188"}],"wp:term":[{"taxonomy":"category","embeddable":true,"href":"https:\/\/municipalidadalhue.cl\/portal\/wp-json\/wp\/v2\/categories?post=9188"},{"taxonomy":"post_tag","embeddable":true,"href":"https:\/\/municipalidadalhue.cl\/portal\/wp-json\/wp\/v2\/tags?post=9188"}],"curies":[{"name":"wp","href":"https:\/\/api.w.org\/{rel}","templated":true}]}}